{"id":83,"date":"2012-02-01T08:56:36","date_gmt":"2012-02-01T08:56:36","guid":{"rendered":"http:\/\/www.demirel.web.tr\/?p=83"},"modified":"2021-09-08T12:18:50","modified_gmt":"2021-09-08T12:18:50","slug":"gtk-ve-glade-ile-programlamaya-giris","status":"publish","type":"post","link":"https:\/\/demirel.web.tr\/?p=83","title":{"rendered":"GTK+ ve GLADE ile Programlamaya Giri\u015f"},"content":{"rendered":"<p><img loading=\"lazy\" decoding=\"async\" class=\"alignleft\" title=\"O\u0130-29-Say\u0131\" src=\"http:\/\/www.ozgurlukicin.com\/media\/upload\/image\/oi-29-kapak.png\" alt=\"\" width=\"310\" height=\"205\">Bu aralar siteme fazla yaz\u0131 eklemeyemedi\u011fim fark\u0131nday\u0131m. Aradaki a\u00e7\u0131\u011f\u0131 kapatmak i\u00e7in bug\u00fcn bir yaz\u0131 daha ekleyim dedim. Daha \u00f6nce \u00d6zg\u00fcrl\u00fck\u0130\u00e7in e-dergi&#8217;si i\u00e7in yazd\u0131\u011f\u0131m bir yaz\u0131m\u0131 burada payla\u015fmak istiyorum. C ile program yazanlar\u0131n ben Linux \u00fczerinde nas\u0131l GUI tasar\u0131m\u0131 yapaca\u011f\u0131m diyenler i\u00e7in haz\u0131rlanm\u0131\u015f bir yaz\u0131d\u0131r. Yaz\u0131 giri\u015f seviyesinde GLADE&nbsp; ve GTK+ k\u00fct\u00fcphaneleri kullan\u0131larak nas\u0131l program yaz\u0131laca\u011f\u0131n\u0131 \u00f6rnekleri ile anlatmaktad\u0131r. Yaz\u0131n\u0131n yer ald\u0131\u011f\u0131 e-dergiyi a\u015fa\u011f\u0131daki ba\u011flant\u0131dan indirebilirsiniz.<\/p>\n<p><a href=\"http:\/\/www.ozgurlukicin.com\/media\/dosya\/oi_say29_buyuk.pdf\" target=\"_blank\" rel=\"noopener\">http:\/\/www.ozgurlukicin.com\/media\/dosya\/oi_say29_buyuk.pdf<\/a><\/p>\n","protected":false},"excerpt":{"rendered":"<p>Bu aralar siteme fazla yaz\u0131 eklemeyemedi\u011fim fark\u0131nday\u0131m. Aradaki a\u00e7\u0131\u011f\u0131 kapatmak i\u00e7in bug\u00fcn bir yaz\u0131 daha ekleyim dedim. Daha \u00f6nce \u00d6zg\u00fcrl\u00fck\u0130\u00e7in e-dergi&#8217;si i\u00e7in yazd\u0131\u011f\u0131m bir yaz\u0131m\u0131 burada payla\u015fmak istiyorum. C ile&hellip;<a href=\"https:\/\/demirel.web.tr\/?p=83\" class=\"more-link\"><span class=\"more-button\">Continue reading<span class=\"screen-reader-text\">GTK+ ve GLADE ile Programlamaya Giri\u015f<\/span><\/span><\/a><\/p>\n","protected":false},"author":1,"featured_media":0,"comment_status":"open","ping_status":"open","sticky":false,"template":"","format":"standard","meta":{"footnotes":""},"categories":[4],"tags":[],"_links":{"self":[{"href":"https:\/\/demirel.web.tr\/index.php?rest_route=\/wp\/v2\/posts\/83"}],"collection":[{"href":"https:\/\/demirel.web.tr\/index.php?rest_route=\/wp\/v2\/posts"}],"about":[{"href":"https:\/\/demirel.web.tr\/index.php?rest_route=\/wp\/v2\/types\/post"}],"author":[{"embeddable":true,"href":"https:\/\/demirel.web.tr\/index.php?rest_route=\/wp\/v2\/users\/1"}],"replies":[{"embeddable":true,"href":"https:\/\/demirel.web.tr\/index.php?rest_route=%2Fwp%2Fv2%2Fcomments&post=83"}],"version-history":[{"count":2,"href":"https:\/\/demirel.web.tr\/index.php?rest_route=\/wp\/v2\/posts\/83\/revisions"}],"predecessor-version":[{"id":275,"href":"https:\/\/demirel.web.tr\/index.php?rest_route=\/wp\/v2\/posts\/83\/revisions\/275"}],"wp:attachment":[{"href":"https:\/\/demirel.web.tr\/index.php?rest_route=%2Fwp%2Fv2%2Fmedia&parent=83"}],"wp:term":[{"taxonomy":"category","embeddable":true,"href":"https:\/\/demirel.web.tr\/index.php?rest_route=%2Fwp%2Fv2%2Fcategories&post=83"},{"taxonomy":"post_tag","embeddable":true,"href":"https:\/\/demirel.web.tr\/index.php?rest_route=%2Fwp%2Fv2%2Ftags&post=83"}],"curies":[{"name":"wp","href":"https:\/\/api.w.org\/{rel}","templated":true}]}}