{"id":208,"date":"2016-01-09T18:02:41","date_gmt":"2016-01-09T18:02:41","guid":{"rendered":"http:\/\/www.demirel.web.tr\/?p=208"},"modified":"2021-09-08T12:14:04","modified_gmt":"2021-09-08T12:14:04","slug":"devrim-linux-dagitimina-giden-yolda-onemli-bir-asama-rootfs","status":"publish","type":"post","link":"https:\/\/demirel.web.tr\/?p=208","title":{"rendered":"DEVR\u0130M L\u0130NUX Da\u011f\u0131t\u0131m\u0131na Giden Yolda \u00d6nemli Bir A\u015fama: ROOTFS"},"content":{"rendered":"<p>Daha \u00f6nce yine buradan duyurdu\u011fum yeni Linux da\u011f\u0131t\u0131m\u0131m\u0131z\u0131n ilk a\u015famas\u0131 olan ve geli\u015ftiriciler i\u00e7in haz\u0131rlanm\u0131\u015f olan ROOTFS&#8217;imiz haz\u0131r. Evet sizinde ba\u015fl\u0131ktan farketti\u011finiz gibi da\u011f\u0131t\u0131m\u0131z\u0131n ad\u0131 &#8220;DEVR\u0130M&#8221;.<\/p>\n<p>\u0130lk Pardus projesi \u00fclkemiz a\u00e7\u0131k kaynak ekosistemi \u00e7ok \u00f6nemli bir projeydi. \u00dclkemiz i\u00e7in bu alanda at\u0131lm\u0131\u015f \u00f6nemli bir ad\u0131md\u0131. Ancak bilinen nedenlerden proje sonland\u0131r\u0131ld\u0131 ve a\u00e7\u0131k kaynak ekosistemi b\u00fcy\u00fck yara ald\u0131. Bana g\u00f6re bu ileriye at\u0131lm\u0131\u015f b\u00fcy\u00fck bir ad\u0131md\u0131. Bir devrimin ba\u015flang\u0131c\u0131yd\u0131. T\u0131pk\u0131 ilk yerli otomobilimiz Devrim&#8217;in ba\u015f\u0131na gelenler gibi bu projede yar\u0131m b\u0131rak\u0131ld\u0131. Bu sebeplerden da\u011f\u0131t\u0131m\u0131n ad\u0131n\u0131n Devrim olmas\u0131 gerekti\u011fine karar verdim.<\/p>\n<p>Bu a\u015famada da\u011f\u0131t\u0131ma giden yolda \u00f6nemli bir a\u015fama olarak i\u00e7erisinde COMAR ve PISI gibi teknolojilerin bulundu\u011fu ilk ROOTFS haz\u0131r. Bildi\u011finiz gibi bu s\u00fcr\u00fcm sadece geli\u015ftiriciler i\u00e7indir. Bundan sonraki PISI paketlerinin derlenece\u011fi buildfarm i\u00e7in bu rootfs kullan\u0131lacakt\u0131r.<\/p>\n<p>Rootfs Kurulum A\u015famalar\u0131:<\/p>\n<ol>\n<li>http:\/\/sources.devrimlinux.org\/devrimlinux-1.0.16-rootfs-01.tar.xz adresinden ilgili dosya indirilir.<\/li>\n<li>Sisteminizde bo\u015f bir partition ay\u0131rarak &#8220;mkfs.ext4 \/dev\/sda2 -m 1 -L DEVRIM_LINUX&#8221; komutu ile partition bi\u00e7imlendilip, etiketlendirilir.<\/li>\n<li>&#8220;mount \/dev\/sda2 \/mnt&#8221; komutu ile ilgili partition mount edilir.<\/li>\n<li>&#8220;cd \/mnt&#8221; komutu ile dizine girilir.<\/li>\n<li>&#8220;tar -xf devrimlinux-1.0.16-rootfs-01.tar.xz&#8221; komutu ile dosyalar a\u00e7\u0131l\u0131r.<\/li>\n<li>Ard\u0131ndan \/boot\/grub\/grub.conf dosyas\u0131na a\u015fa\u011f\u0131daki sat\u0131rlar eklenir.<\/li>\n<\/ol>\n<p>title Devrim Linux<br \/>\nroot (hd0,2)<br \/>\nlinux \/boot\/vmlinuz-4.2-dlr root=\/dev\/sda2<\/p>\n<p>&nbsp;<\/p>\n<p>T\u00fcm bu a\u015famalardan sonra sistem yeniden ba\u015flat\u0131l\u0131r ve GRUB men\u00fcs\u00fcnden Devrim se\u00e7ilerek sisteme girilir.<\/p>\n<p>\u015eimdilik bu kadar. Alpha s\u00fcr\u00fcm\u00fcnde g\u00f6r\u00fc\u015fmek \u00fczere \ud83d\ude42<\/p>\n<p>&nbsp;<\/p>\n","protected":false},"excerpt":{"rendered":"<p>Daha \u00f6nce yine buradan duyurdu\u011fum yeni Linux da\u011f\u0131t\u0131m\u0131m\u0131z\u0131n ilk a\u015famas\u0131 olan ve geli\u015ftiriciler i\u00e7in haz\u0131rlanm\u0131\u015f olan ROOTFS&#8217;imiz haz\u0131r. Evet sizinde ba\u015fl\u0131ktan farketti\u011finiz gibi da\u011f\u0131t\u0131m\u0131z\u0131n ad\u0131 &#8220;DEVR\u0130M&#8221;. \u0130lk Pardus projesi \u00fclkemiz&hellip;<a href=\"https:\/\/demirel.web.tr\/?p=208\" class=\"more-link\"><span class=\"more-button\">Continue reading<span class=\"screen-reader-text\">DEVR\u0130M L\u0130NUX Da\u011f\u0131t\u0131m\u0131na Giden Yolda \u00d6nemli Bir A\u015fama: ROOTFS<\/span><\/span><\/a><\/p>\n","protected":false},"author":1,"featured_media":0,"comment_status":"open","ping_status":"open","sticky":false,"template":"","format":"standard","meta":{"footnotes":""},"categories":[2],"tags":[],"_links":{"self":[{"href":"https:\/\/demirel.web.tr\/index.php?rest_route=\/wp\/v2\/posts\/208"}],"collection":[{"href":"https:\/\/demirel.web.tr\/index.php?rest_route=\/wp\/v2\/posts"}],"about":[{"href":"https:\/\/demirel.web.tr\/index.php?rest_route=\/wp\/v2\/types\/post"}],"author":[{"embeddable":true,"href":"https:\/\/demirel.web.tr\/index.php?rest_route=\/wp\/v2\/users\/1"}],"replies":[{"embeddable":true,"href":"https:\/\/demirel.web.tr\/index.php?rest_route=%2Fwp%2Fv2%2Fcomments&post=208"}],"version-history":[{"count":2,"href":"https:\/\/demirel.web.tr\/index.php?rest_route=\/wp\/v2\/posts\/208\/revisions"}],"predecessor-version":[{"id":210,"href":"https:\/\/demirel.web.tr\/index.php?rest_route=\/wp\/v2\/posts\/208\/revisions\/210"}],"wp:attachment":[{"href":"https:\/\/demirel.web.tr\/index.php?rest_route=%2Fwp%2Fv2%2Fmedia&parent=208"}],"wp:term":[{"taxonomy":"category","embeddable":true,"href":"https:\/\/demirel.web.tr\/index.php?rest_route=%2Fwp%2Fv2%2Fcategories&post=208"},{"taxonomy":"post_tag","embeddable":true,"href":"https:\/\/demirel.web.tr\/index.php?rest_route=%2Fwp%2Fv2%2Ftags&post=208"}],"curies":[{"name":"wp","href":"https:\/\/api.w.org\/{rel}","templated":true}]}}