{"id":203,"date":"2015-12-07T22:09:46","date_gmt":"2015-12-07T22:09:46","guid":{"rendered":"http:\/\/www.demirel.web.tr\/?p=203"},"modified":"2021-09-08T12:14:39","modified_gmt":"2021-09-08T12:14:39","slug":"yeni-bir-linux-doguyor","status":"publish","type":"post","link":"https:\/\/demirel.web.tr\/?p=203","title":{"rendered":"Yeni Bir Linux Do\u011fuyor"},"content":{"rendered":"<p>Uzun zamand\u0131r akl\u0131mda olan bir projeyi sonunda hayata ge\u00e7irmeye karar verdim. T\u00fcbitak taraf\u0131ndan Pardus projesi sonland\u0131r\u0131ld\u0131ktan sonra bir grup azimli insan projeyi Pisi Linux olarak tekrar hayata ge\u00e7irmi\u015fti. Pardus \u00f6lmemi\u015fti, k\u00fcllerinden yeniden do\u011fuyordu. Bende bu projede 1 sene kadar g\u00f6rev ald\u0131m. Son derece \u015fevkle ve zevkle \u00e7al\u0131\u015ft\u0131\u011f\u0131m\u0131 belirtmeliyim. Ancak baz\u0131 nedenlerden dolay\u0131 projeden ayr\u0131ld\u0131m. Ayr\u0131ld\u0131ktan uzun bir s\u00fcre sonra yeni bir linux da\u011f\u0131t\u0131m\u0131 yapmaya karar verdim. Piyasada o kadar \u00e7ok da\u011f\u0131t\u0131m varken nereden \u00e7\u0131kt\u0131 \u015fimdi bu dedi\u011finizi duyar gibiyim.<\/p>\n<p>Evet olabilir, halihaz\u0131rda onlarca hatta y\u00fczlerce Linux da\u011f\u0131t\u0131m\u0131 var. De\u011fi\u015fmeyen tek \u015fey de\u011fi\u015fimin kendisidir diyerek buray\u0131 \u015fimdilik ge\u00e7iyorum. Yeni Linux da\u011f\u0131t\u0131m\u0131 eski Pardus Kurumsal altyap\u0131s\u0131n\u0131 kullanan, hem sunucu hem desktop olarak kullan\u0131labilecek ve farkl\u0131 mimarilerde \u00e7al\u0131\u015facak bir da\u011f\u0131t\u0131m olacak.<\/p>\n<p>\u015eimdilik bu kadar bilgi yeter diyerek yak\u0131nda \u00fczerinde pisi, comar, mudur gibi eski Pardus teknolojilerinden a\u015fina oldu\u011fumuz yaz\u0131l\u0131mlar\u0131n \u00e7al\u0131\u015ft\u0131\u011f\u0131 bir rootfs s\u00fcr\u00fcm\u00fcn\u00fc yak\u0131nda buradan duyuraca\u011f\u0131m\u0131 bildireyim.<\/p>\n<p>Bu arada da\u011f\u0131t\u0131m\u0131n source code repository, bugs page, buildfarm gibi bile\u015fenlerininde haz\u0131r oldu\u011funu atlamayal\u0131m \ud83d\ude42<\/p>\n","protected":false},"excerpt":{"rendered":"<p>Uzun zamand\u0131r akl\u0131mda olan bir projeyi sonunda hayata ge\u00e7irmeye karar verdim. T\u00fcbitak taraf\u0131ndan Pardus projesi sonland\u0131r\u0131ld\u0131ktan sonra bir grup azimli insan projeyi Pisi Linux olarak tekrar hayata ge\u00e7irmi\u015fti. Pardus \u00f6lmemi\u015fti,&hellip;<a href=\"https:\/\/demirel.web.tr\/?p=203\" class=\"more-link\"><span class=\"more-button\">Continue reading<span class=\"screen-reader-text\">Yeni Bir Linux Do\u011fuyor<\/span><\/span><\/a><\/p>\n","protected":false},"author":1,"featured_media":0,"comment_status":"open","ping_status":"open","sticky":false,"template":"","format":"standard","meta":{"footnotes":""},"categories":[2],"tags":[],"_links":{"self":[{"href":"https:\/\/demirel.web.tr\/index.php?rest_route=\/wp\/v2\/posts\/203"}],"collection":[{"href":"https:\/\/demirel.web.tr\/index.php?rest_route=\/wp\/v2\/posts"}],"about":[{"href":"https:\/\/demirel.web.tr\/index.php?rest_route=\/wp\/v2\/types\/post"}],"author":[{"embeddable":true,"href":"https:\/\/demirel.web.tr\/index.php?rest_route=\/wp\/v2\/users\/1"}],"replies":[{"embeddable":true,"href":"https:\/\/demirel.web.tr\/index.php?rest_route=%2Fwp%2Fv2%2Fcomments&post=203"}],"version-history":[{"count":1,"href":"https:\/\/demirel.web.tr\/index.php?rest_route=\/wp\/v2\/posts\/203\/revisions"}],"predecessor-version":[{"id":204,"href":"https:\/\/demirel.web.tr\/index.php?rest_route=\/wp\/v2\/posts\/203\/revisions\/204"}],"wp:attachment":[{"href":"https:\/\/demirel.web.tr\/index.php?rest_route=%2Fwp%2Fv2%2Fmedia&parent=203"}],"wp:term":[{"taxonomy":"category","embeddable":true,"href":"https:\/\/demirel.web.tr\/index.php?rest_route=%2Fwp%2Fv2%2Fcategories&post=203"},{"taxonomy":"post_tag","embeddable":true,"href":"https:\/\/demirel.web.tr\/index.php?rest_route=%2Fwp%2Fv2%2Ftags&post=203"}],"curies":[{"name":"wp","href":"https:\/\/api.w.org\/{rel}","templated":true}]}}